{"id":165,"date":"2016-11-28T20:32:09","date_gmt":"2016-11-28T20:32:09","guid":{"rendered":"https:\/\/marucisphotography.wordpress.com\/?p=165"},"modified":"2016-11-28T20:32:09","modified_gmt":"2016-11-28T20:32:09","slug":"bokeh-sau-cum-spunem-noi-partea-clara-si-neclara","status":"publish","type":"post","link":"https:\/\/mcphotography.ro\/index.php\/2016\/11\/28\/bokeh-sau-cum-spunem-noi-partea-clara-si-neclara\/","title":{"rendered":"Bokeh (sau cum spunem noi partea clara si neclara)"},"content":{"rendered":"<p><strong>Bokeh-ul\u00a0<\/strong>este, pe un limbaj accesibil, este\u00a0<em>partea nefocalizat\u0103 a fotografiei.\u00a0<\/em>Este acea parte care r\u0103m\u00e2ne\u00a0<em>\u00een cea\u021b\u0103<\/em>\u00a0dup\u0103 ce focaliz\u0103m subiectul. \u00cen majoritatea cazurilor bokeh-ul este \u0219i fundalul din fotografie, dar nu e o regul\u0103 general\u0103. De ce este determinat bokeh-ul? Bokeh-ul se realizeaz\u0103 \u00een urma focaliz\u0103rii subiectului \u0219i este strict controlat de diafragma obiectivului\u00a0<em>(desigur, e influen\u021bat \u0219i de celelalte elementele ale blocului optic, dar nu \u00een a\u0219a mare m\u0103sur\u0103).\u00a0<\/em><\/p>\n<p><img loading=\"lazy\" decoding=\"async\" class=\"\" src=\"https:\/\/scontent.fotp3-1.fna.fbcdn.net\/v\/t1.0-9\/14316934_1775318099417239_3331316164273380270_n.jpg?oh=c23d8e70664bbfc31999a5c61a8186a5&amp;oe=58CF4CF1\" width=\"371\" height=\"325\" \/><\/p>\n<p>O diagrafm\u0103 mai deschis\u0103, mai mare\u00a0<em>(f\/2.8 e mai mare dec\u00e2t f\/5.6)\u00a0<\/em>v\u0103 va asigura un bokeh mai cremos, mai fin. Haide\u021bi s\u0103 vedem exemplul de mai jos, e o fotografie realizat\u0103 cu\u00a0<strong>f\/3.2\u00a0<\/strong>\u0219i un teleobiectiv Nikkor AF-S 70-200mm. Bokeh-ul cremos a fost dat at\u00e2t de diafragm\u0103, c\u00e2t \u0219i de distan\u021ba focal\u0103. Iat\u0103, deci, un alt factor care influen\u021beaz\u0103 bokeh-ul. Cu c\u00e2t este distan\u021ba focal\u0103 mai mare, cu at\u00e2t va fi bokeh-ul mai uniform \u0219i mai cremos.<\/p>\n<p>Un alt factor important este distan\u021ba de la subiect la fundal. O distan\u021b\u0103 mai mare v\u0103 va oferi o separare mai bun\u0103 \u0219i un bokeh mai pl\u0103cut privirii, a\u0219a cum este \u00een cazul de mai jos. \u0218i dac\u0103 fotografia\u021bi \u0219i seara \u0219i prinde\u021bi \u0219i un soare printre ramurilor copacilor a\u021bi ob\u021binut deja o poezie.<\/p>\n<p>Recapitul\u00e2nd, bokeh-ul este influen\u021bat de diafragm\u0103, distan\u021ba focal\u0103 \u0219i distan\u021ba de la subiect la fundal. Pute\u021bi ob\u021bine astfel diverse\u00a0cadre modific\u00e2nd unul sau mai mul\u021bi dintre ace\u0219ti parametri. \u00cenchiz\u00e2nd diafragma\u00a0<em>(f\/11 e mai \u00eenchis dec\u00e2t f\/5.6)\u00a0<\/em>ve\u021bi aduce mai mult din\u00a0<em>fundal \u00een fotografie.\u00a0<\/em><\/p>\n<p>&nbsp;<\/p>\n<p><a href=\"http:\/\/blogdefotografie.ro\/invatam-printr-o-fotografie-bokeh-ul\/\">Sursa<\/a><\/p>\n","protected":false},"excerpt":{"rendered":"<p>Bokeh-ul\u00a0este, pe un limbaj accesibil, este\u00a0partea nefocalizat\u0103 a fotografiei.\u00a0Este acea parte care r\u0103m\u00e2ne\u00a0\u00een cea\u021b\u0103\u00a0dup\u0103 ce focaliz\u0103m subiectul. \u00cen majoritatea cazurilor bokeh-ul este \u0219i fundalul din fotografie, dar nu e o regul\u0103 general\u0103. De ce este determinat bokeh-ul? Bokeh-ul se realizeaz\u0103 \u00een urma focaliz\u0103rii subiectului \u0219i este strict controlat de diafragma obiectivului\u00a0(desigur, e influen\u021bat \u0219i de [&hellip;]<\/p>\n","protected":false},"author":1,"featured_media":174,"comment_status":"open","ping_status":"open","sticky":false,"template":"","format":"standard","meta":{"_jetpack_memberships_contains_paid_content":false,"footnotes":""},"categories":[6],"tags":[],"class_list":["post-165","post","type-post","status-publish","format-standard","has-post-thumbnail","hentry","category-fara-categorie"],"jetpack_featured_media_url":"","jetpack_sharing_enabled":true,"_links":{"self":[{"href":"https:\/\/mcphotography.ro\/index.php\/wp-json\/wp\/v2\/posts\/165","targetHints":{"allow":["GET"]}}],"collection":[{"href":"https:\/\/mcphotography.ro\/index.php\/wp-json\/wp\/v2\/posts"}],"about":[{"href":"https:\/\/mcphotography.ro\/index.php\/wp-json\/wp\/v2\/types\/post"}],"author":[{"embeddable":true,"href":"https:\/\/mcphotography.ro\/index.php\/wp-json\/wp\/v2\/users\/1"}],"replies":[{"embeddable":true,"href":"https:\/\/mcphotography.ro\/index.php\/wp-json\/wp\/v2\/comments?post=165"}],"version-history":[{"count":0,"href":"https:\/\/mcphotography.ro\/index.php\/wp-json\/wp\/v2\/posts\/165\/revisions"}],"wp:featuredmedia":[{"embeddable":true,"href":"https:\/\/mcphotography.ro\/index.php\/wp-json\/"}],"wp:attachment":[{"href":"https:\/\/mcphotography.ro\/index.php\/wp-json\/wp\/v2\/media?parent=165"}],"wp:term":[{"taxonomy":"category","embeddable":true,"href":"https:\/\/mcphotography.ro\/index.php\/wp-json\/wp\/v2\/categories?post=165"},{"taxonomy":"post_tag","embeddable":true,"href":"https:\/\/mcphotography.ro\/index.php\/wp-json\/wp\/v2\/tags?post=165"}],"curies":[{"name":"wp","href":"https:\/\/api.w.org\/{rel}","templated":true}]}}