{"id":551,"date":"2021-07-02T15:39:04","date_gmt":"2021-07-02T15:39:04","guid":{"rendered":"https:\/\/marucisphotography.wordpress.com\/?p=551"},"modified":"2021-07-02T15:39:04","modified_gmt":"2021-07-02T15:39:04","slug":"fotografi-romani-celebri","status":"publish","type":"post","link":"https:\/\/mcphotography.ro\/index.php\/2021\/07\/02\/fotografi-romani-celebri\/","title":{"rendered":"Fotografi rom\u00e2ni celebri"},"content":{"rendered":"\n<p><\/p>\n\n\n\n<p class=\"has-text-align-center\"><strong>Carol Popp de Szathmari<\/strong><\/p>\n\n\n\n<p>Probabil unul dintre cei mai cunoscuti fotografi din Romania a fost Carol Popp de Szathmari, care a fost nu doar fotograf ci si pictor si grafician. Numele ne duce cu gandul la Ungaria, ei bine da, a fost de nationalitate maghiar, dar dupa cum ne spune istoria, acesta a fost primul fotograf de arta si documentarist din Regatul Roman si unul dintre primii zece fotografi din Europa.<\/p>\n\n\n\n<div class=\"wp-block-columns is-layout-flex wp-container-core-columns-is-layout-28f84493 wp-block-columns-is-layout-flex\">\n<div class=\"wp-block-column is-layout-flow wp-block-column-is-layout-flow\" style=\"flex-basis:100%;\">\n<div class=\"wp-block-columns is-layout-flex wp-container-core-columns-is-layout-28f84493 wp-block-columns-is-layout-flex\">\n<div class=\"wp-block-column is-layout-flow wp-block-column-is-layout-flow\" style=\"flex-basis:100%;\">\n<div class=\"wp-block-image\"><figure class=\"aligncenter size-large\"><img decoding=\"async\" src=\"https:\/\/marucisphotography.wordpress.com\/wp-content\/uploads\/2021\/07\/220px-carol_popp_de_szathmari-1.jpg?w=220\" alt=\"\" class=\"wp-image-557\" \/><\/figure><\/div>\n<\/div>\n<\/div>\n<\/div>\n<\/div>\n\n\n\n<p>Carol Popp de Szathmari a realizat in anul 1843 primele daghuerotopii, publicand un volum de 100 de fotografii. A realizat primul reportaj fotografic de razboi din lume in timpul Razboiului Crimeei.<\/p>\n\n\n\n<p>Imediat dup\u0103 Szathamri, \u00een 1862, \u00een Bucure\u015fti apare un fotograf maghiar care e proiectat repede \u00een v\u00e2rf- Franz Mandy. Fotografiile lui sunt \u015fi ast\u0103zi considerate capodobere, spune Emanuel B\u0103descu, care poveste\u015fte c\u0103 acesta a fost singurul c\u0103ruia i s-a permis s\u0103 fotografieze intrarea Armatei rom\u00e2ne \u00een 1878.<\/p>\n\n\n\n<div class=\"wp-block-columns is-layout-flex wp-container-core-columns-is-layout-28f84493 wp-block-columns-is-layout-flex\">\n<div class=\"wp-block-column is-layout-flow wp-block-column-is-layout-flow\">\n<div class=\"wp-block-image\"><figure class=\"aligncenter size-large is-resized\"><img loading=\"lazy\" decoding=\"async\" src=\"https:\/\/marucisphotography.wordpress.com\/wp-content\/uploads\/2021\/07\/carol_popp_de_szathmary_-_alexandru_ioan_cuza1-1.jpg?w=471\" alt=\"\" class=\"wp-image-563\" width=\"260\" height=\"353\" \/><\/figure><\/div>\n<\/div>\n<\/div>\n\n\n\n<p>Inca de atunci a ob\u0163inut \u015fi titlul de \u201eFotograf al Curtei Domnesci\u201d. Curand va fi numit si \u201eFotograf al MSA Doamnei\u201d, adica fotograful particular al Reginei Elisabeta.<\/p>\n\n\n\n<p class=\"has-text-align-center\"><strong>Iosif Berman<\/strong><\/p>\n\n\n\n<p>Iosif Berman (n. 17 ianuarie 1890, Burdujeni, Jude\u021bul Dorohoi \u2013 d. 17 septembrie 1941) a fost un fotograf rom\u00e2n de origine evreiasc\u0103. Tat\u0103l lui era un evreu naturalizat \u00een urma particip\u0103rii la R\u0103zboiul de Independen\u021b\u0103 din 1877. A lucrat ca fotoreporter al\u0103turi de jurnali\u0219tii Brunea Fox \u0219i Geo Bogza. A fost fotograf de teren al sociologului Dimitrie Gusti \u0219i fotograful oficial al Cur\u021bii Regale.<\/p>\n\n\n\n<p>Ata\u0219at ca reporter-fotograf unui regiment \u00een timpul Primului R\u0103zboi Mondial, Berman a fost surprins la Odessa de Revolu\u021bia Rus\u0103. A ajuns \u00een nordul Caucazului, la Novorosiisk, a \u00eent\u00e2lnit-o pe viitoarea lui so\u021bie, Raisa, s-a c\u0103s\u0103torit \u0219i tot aici i s-a n\u0103scut primul copil: o feti\u021b\u0103, Luiza. Din cauza mi\u0219c\u0103rilor revolu\u021bionare ruse este nevoit s\u0103 se stabileasc\u0103 la Constantinopol \u00een perioada 1920 \u2013 1923 unde a lucrat \u00een calitate de corespondent-fotoreporter pentru mai multe ziare rom\u00e2ne \u0219i str\u0103ine. \u00cen perioada 1925-1938, Berman este fotoreporterul ziarelor Adev\u0103rul \u0219i Diminea\u021ba colabor\u00e2nd \u00een acela\u0219i timp \u0219i la \u201cSportul\u201d. Num\u0103rul publica\u021biilor \u00een care se vedeau fotografiile sale este impresionant.<\/p>\n\n\n\n<p class=\"has-text-align-center\"><strong>Costic\u0103 Acsinte, fotoreporter \u00een Primul R\u0103zboi Mondial<\/strong><\/p>\n\n\n\n<p>Constantin Acsinte (cunoscut drept Costic\u0103 Acsinte) s-a n\u0103scut \u00een satul Perie\u0163i, Ialomi\u0163a, \u00een anul 1897. Dorind s\u0103 devin\u0103 pilot, a intrat la \u015ecoala de Pilotaj de la Cotroceni, pe care a absolvit-o, \u00eens\u0103 nu a reu\u015fit s\u0103 ob\u0163in\u0103 brevetul de pilot. Pe atunci, \u00een 1913, Rom\u00e2nia avea doar 20 de pilo\u0163i cu brevet \u015fi, se pare, Costic\u0103 Acsinte avea alt drum de urmat.<\/p>\n\n\n\n<p>Descoperind fotografia ca alt\u0103 mare pasiune a vie\u0163ii sale, \u015fi de aceast\u0103 dat\u0103 pe deplin \u00eemplinit\u0103, Acsinte s-a \u00eenrolat voluntar \u00een Primul R\u0103zboi Mondial, ca fotograf, develop\u00e2nd at\u00e2t filmele sale, c\u00e2t \u015fi pe ale unor pilo\u0163i rom\u00e2ni, francezi, ru\u015fi, care efectuau observa\u0163ii ale frontului necesare opera\u0163iunilor militare.<\/p>\n\n\n\n<p>Din perioada r\u0103zboiului a rezultat un album cu 327 de fotografii, \u00eenso\u0163ite de descrieri dactilografiate, un adev\u0103rat material cu importan\u0163\u0103 istoric\u0103. Printre persoanele care apar \u00een imagini se afl\u0103: regele Ferdinand, regina Maria, prin\u0163ul Carol, generalul Berthelot, generalul Eremia Grigorescu. Dup\u0103 ce a fost demobilizat, \u00een 15 iunie 1920, a lucrat pentru un studio foto din Bucure\u015fti.<\/p>\n\n\n\n<p class=\"has-text-align-center\"><strong>Aurel Mihailopol, metafore pe h\u00e2rtie foto<\/strong><\/p>\n\n\n\n<p>Un alt fotograf care visa \u00een copil\u0103rie s\u0103 devin\u0103 aviator, precum visa \u015fi fotograful Costic\u0103 Acsinte, a fost Aurel Mihailopol (1928-1982). \u015ei el avea s\u0103-\u015fi schimbe visul atingerii \u00een\u0103l\u0163imilor cu pasiunea imortaliz\u0103rii lor \u015fi a tuturor celorlalte lucruri prin fotografie.<\/p>\n\n\n\n<p>A lucrat la revista \u201eFlac\u0103ra\u201c, realiz\u00e2nd imaginile valoroaselor reportaje ale jurnalistului Tudor Octavian, a lucrat de asemenea \u015fi la revista \u201eCinema\u201c, fiind considerat unul dintre cei mai mari fotoreporteri din perioada comunist\u0103.<\/p>\n\n\n\n<p class=\"has-text-align-center\"><strong>Mircea Faria<\/strong><\/p>\n\n\n\n<p>Mircea Faria (n. 1920- d.1986, Bucure\u0219ti) a fost un artist grafic rom\u00e2n, membru al F.I.A.P \u0219i A.A.F.R, care s-a ocupat de fotografia artistic\u0103 \u0219i a ob\u021binut numeroase premii interne \u0219i interna\u021bionale.<\/p>\n\n\n\n<p>Mircea Faria a fost \u0219i profesor la Institutul de Arte Plastice din Bucure\u0219ti.<\/p>\n\n\n\n<p>\u00cen amintirea sa, fotoclubul din Craiova \u00eei poart\u0103 numele.<\/p>\n","protected":false},"excerpt":{"rendered":"<p>Carol Popp de Szathmari Probabil unul dintre cei mai cunoscuti fotografi din Romania a fost Carol Popp de Szathmari, care a fost nu doar fotograf ci si pictor si grafician. Numele ne duce cu gandul la Ungaria, ei bine da, a fost de nationalitate maghiar, dar dupa cum ne spune istoria, acesta a fost primul [&hellip;]<\/p>\n","protected":false},"author":1,"featured_media":566,"comment_status":"open","ping_status":"open","sticky":false,"template":"","format":"standard","meta":{"_jetpack_memberships_contains_paid_content":false,"footnotes":""},"categories":[6],"tags":[],"class_list":["post-551","post","type-post","status-publish","format-standard","has-post-thumbnail","hentry","category-fara-categorie"],"jetpack_featured_media_url":"","jetpack_sharing_enabled":true,"_links":{"self":[{"href":"https:\/\/mcphotography.ro\/index.php\/wp-json\/wp\/v2\/posts\/551","targetHints":{"allow":["GET"]}}],"collection":[{"href":"https:\/\/mcphotography.ro\/index.php\/wp-json\/wp\/v2\/posts"}],"about":[{"href":"https:\/\/mcphotography.ro\/index.php\/wp-json\/wp\/v2\/types\/post"}],"author":[{"embeddable":true,"href":"https:\/\/mcphotography.ro\/index.php\/wp-json\/wp\/v2\/users\/1"}],"replies":[{"embeddable":true,"href":"https:\/\/mcphotography.ro\/index.php\/wp-json\/wp\/v2\/comments?post=551"}],"version-history":[{"count":0,"href":"https:\/\/mcphotography.ro\/index.php\/wp-json\/wp\/v2\/posts\/551\/revisions"}],"wp:featuredmedia":[{"embeddable":true,"href":"https:\/\/mcphotography.ro\/index.php\/wp-json\/"}],"wp:attachment":[{"href":"https:\/\/mcphotography.ro\/index.php\/wp-json\/wp\/v2\/media?parent=551"}],"wp:term":[{"taxonomy":"category","embeddable":true,"href":"https:\/\/mcphotography.ro\/index.php\/wp-json\/wp\/v2\/categories?post=551"},{"taxonomy":"post_tag","embeddable":true,"href":"https:\/\/mcphotography.ro\/index.php\/wp-json\/wp\/v2\/tags?post=551"}],"curies":[{"name":"wp","href":"https:\/\/api.w.org\/{rel}","templated":true}]}}