{"id":914,"date":"2016-03-24T17:32:39","date_gmt":"2016-03-24T17:32:39","guid":{"rendered":"https:\/\/marucisphotography.wordpress.com\/?p=2"},"modified":"2016-03-24T17:32:39","modified_gmt":"2016-03-24T17:32:39","slug":"o-scurta-istorie-a-fotografiei-sapte-momente-marcante","status":"publish","type":"post","link":"https:\/\/mcphotography.ro\/index.php\/2016\/03\/24\/o-scurta-istorie-a-fotografiei-sapte-momente-marcante\/","title":{"rendered":"O scurt\u0103 istorie a fotografiei: \u0218apte momente marcante"},"content":{"rendered":"<p><strong>Fotografia este una dintre artele care, f\u0103r\u0103 \u00eendoial\u0103, a schimbat lumea \u0219i modul \u00een care o percepem. Chiar dac\u0103 sensul i-a fost alterat de obsesia pentru selfie-uri \u0219i fotografii cu m\u00e2ncare, baza ei r\u0103m\u00e2ne la fel de fascinant\u0103.<\/strong><\/p>\n<p>Termenul de \u201efotografie\u201d provine din limba greac\u0103 \u015fi tradus literalmente \u00eenseamn\u0103 \u201ea picta cu lumin\u0103\u201d.<\/p>\n<p>Acest fenomen de pictare cu lumin\u0103 a fost observat \u00eenc\u0103 din secolul al III-lea \u00ee.Hr. c\u00e2nd Aristotel a descoperit faptul c\u0103 dac\u0103 se realizeaz\u0103 o gaur\u0103 \u00eentr-o cutie, pe peretele opus acesteia se va forma o imagine real\u0103, \u00eens\u0103 r\u0103sturnat\u0103.<\/p>\n<p>Astfel, prima form\u0103 de <a href=\"http:\/\/playtech.ro\/2015\/canon-pregateste-un-aparat-foto-cu-50-de-megapixeli-acesta-e-urmasul-popularelor-canon-5d\/\" target=\"_blank\" rel=\"noopener\">aparat de fotografiat<\/a> a fost, de fapt, o camer\u0103 obscur\u0103 \u00een care se putea observa imaginea r\u0103sturnat\u0103 a unui obiect aflat \u00een fa\u0163a acesteia.<\/p>\n<p>\u00cen aceea\u015fi perioad\u0103 s-a descoperit c\u0103 lumina \u00eennegre\u015fte clorura de argint \u015fi c\u0103 hiposulfitul de sodiu poate ac\u0163iona precum un \u201efixator\u201d. Joseph Nicephore Niepce a folosit aceste trei proceduri pentru a transpune o imagine pe o plac\u0103 metalic\u0103, iar calitatea era destul de ridicat\u0103.<\/p>\n<p>Inven\u0163ia sa a fost preluat\u0103 de Jacques Mande Daguerre, stabilindu-se astfel anul oficial al inven\u0163iei fotografiei, 1839.\u00a0\u00cen perioada urm\u0103toare, s-au realizat tot mai multe descoperiri \u00een domeniul fotografiei, cre\u00e2ndu-se astfel primele aparate de fotografiat \u015fi primele filme realizate pe un suport de celuloid.<\/p>\n<h2>Prima fotografie f\u0103cut\u0103 vreodat\u0103 \u2013 Vedere\u00a0de la fereastra din Le Gras<\/h2>\n<p>Fotografia a fost realizat\u0103 \u00een anul 1826 de c\u0103tre Nicephore Niepce. Imaginea surprinde c\u00e2teva cl\u0103diri ale unor ferme din Fran\u021ba.<\/p>\n<p><img decoding=\"async\" src=\"http:\/\/static2.playtech.ro\/wp-content\/uploads\/2015\/05\/Prima-fotografie.jpg\" alt=\"Prima fotografie\" \/><\/p>\n<h2>Prima fotografie color f\u0103cut\u0103 vreodat\u0103 \u2013 O fund\u0103 de stof\u0103<\/h2>\n<p>A fost realizat\u0103 \u00een 1861 de c\u0103tre fotograful englez Thomas Sutton, prin punerea \u00een practic\u0103 a unei teorii sugerate de fizicianul\u00a0James Clerk Maxwell \u00een 1855. Este fotografia unei funde din stof\u0103 \u00een carouri. Tehnica intrat\u0103 \u00een istorie sub numele Sutton-Clerk const\u0103 \u00een folosirea a trei filtre separate de culoare (ro\u0219u, verde, albastru) \u0219i combinarea lor \u00eentr-o singur\u0103 imagine.<\/p>\n<p><img decoding=\"async\" src=\"http:\/\/static2.playtech.ro\/wp-content\/uploads\/2015\/05\/Prima-foto-color.jpg\" alt=\"Prima fotografie color\" \/><\/p>\n<h2>Prima fotografie a unui eveniment \u2013 Lansarea\u00a0Cape Canaveral<\/h2>\n<p>Fotografii NASA au surprins lansarea Cape Canaveral \u00een iulie 1950. Racheta era cunoscut\u0103 sub numele Bumper 2. De asemenea, se pot observa mai mul\u021bi fotografi preg\u0103ti\u021bi pentru surprinderea momentului.<\/p>\n<p><img decoding=\"async\" src=\"http:\/\/static2.playtech.ro\/wp-content\/uploads\/2015\/05\/lansarea-capa-canaveral.jpg\" alt=\"lansarea capa canaveral\" \/><\/p>\n<h2>Prima fotografie a unei persoane \u2013 Boulevard du Temple, Paris<\/h2>\n<p>Fotografia a fost f\u0103cut\u0103 de Louis Daguerre. Expunerea a durat aproximativ \u0219apte minute, iar scopul era de a surprinde trec\u0103torii de pe bulevard. Putem observa \u00een partea st\u00e2ng\u0103 inferioar\u0103 un b\u0103rbat c\u0103ruia \u00eei sunt lustrui\u021bi pantofii.<\/p>\n<p><img decoding=\"async\" src=\"http:\/\/static2.playtech.ro\/wp-content\/uploads\/2015\/05\/bulevard.jpg\" alt=\"fotografie Louis Daguerre bulevard\" \/><\/p>\n<h2>Prima fotografie digital\u0103<\/h2>\n<p>Prima fotografie digital\u0103 a fost f\u0103cut\u0103 \u00een 1957, adic\u0103 cu aproape 20 de ani \u00eenainte s\u0103 fie inventat\u0103 prima camer\u0103 digital\u0103 Kodak. Fotografia este o scanare digital\u0103 a uneia f\u0103cute ini\u021bial pe film \u0219i are o rezolu\u021bie de 176\u00d7176, c\u00e2t s\u0103 intre perfect \u00een chenarul fotografiei de profil pentru Instagram.<\/p>\n<p><img decoding=\"async\" src=\"http:\/\/static2.playtech.ro\/wp-content\/uploads\/2015\/05\/fotografie-digitala.jpg\" alt=\"prima fotografie digitala\" \/><\/p>\n<h2>Primul autopotret f\u0103cut vreodat\u0103<\/h2>\n<p>Cu mult \u00eenainte ca selfie-urile s\u0103 acapareze re\u021belele sociale, a existat Robert Cornelius, care a anticipat aceast\u0103 isterie. A\u0219adar, primul autoportret din istoria fotografiei a fost realizat \u00een 1839.<\/p>\n<p><img decoding=\"async\" src=\"http:\/\/static2.playtech.ro\/wp-content\/uploads\/2015\/05\/autoportret.jpg\" alt=\"prima fotografie autoportret selfie\" \/><\/p>\n<h2>Prima fotografie din spa\u021biu<\/h2>\n<p>Prima fotografie realizat\u0103 \u00een spa\u021biu dateaz\u0103 din anul 1946, chiar la sf\u00e2r\u0219itul celui de-al Doilea R\u0103zboi Mondial, cu c\u00e2\u021biva ani \u00eenainte ca primul satelit,\u00a0Sputnik, s\u0103 ajung\u0103 \u00een Cosmos.<\/p>\n<p><img decoding=\"async\" src=\"http:\/\/static2.playtech.ro\/wp-content\/uploads\/2015\/05\/spatiu.jpg\" alt=\"prima fotografie din spatiu\" \/><\/p>\n<p>Sursa:\u00a0http:\/\/playtech.ro\/2015\/o-scurta-istorie-a-fotografiei-sapte-momente-marcante\/<\/p>\n","protected":false},"excerpt":{"rendered":"<p>Fotografia este una dintre artele care, f\u0103r\u0103 \u00eendoial\u0103, a schimbat lumea \u0219i modul \u00een care o percepem. Chiar dac\u0103 sensul i-a fost alterat de obsesia pentru selfie-uri \u0219i fotografii cu m\u00e2ncare, baza ei r\u0103m\u00e2ne la fel de fascinant\u0103. Termenul de \u201efotografie\u201d provine din limba greac\u0103 \u015fi tradus literalmente \u00eenseamn\u0103 \u201ea picta cu lumin\u0103\u201d. Acest fenomen [&hellip;]<\/p>\n","protected":false},"author":1,"featured_media":72,"comment_status":"open","ping_status":"open","sticky":false,"template":"","format":"standard","meta":{"_jetpack_memberships_contains_paid_content":false,"footnotes":""},"categories":[6],"tags":[],"class_list":["post-914","post","type-post","status-publish","format-standard","has-post-thumbnail","hentry","category-fara-categorie"],"jetpack_featured_media_url":"","jetpack_sharing_enabled":true,"_links":{"self":[{"href":"https:\/\/mcphotography.ro\/index.php\/wp-json\/wp\/v2\/posts\/914","targetHints":{"allow":["GET"]}}],"collection":[{"href":"https:\/\/mcphotography.ro\/index.php\/wp-json\/wp\/v2\/posts"}],"about":[{"href":"https:\/\/mcphotography.ro\/index.php\/wp-json\/wp\/v2\/types\/post"}],"author":[{"embeddable":true,"href":"https:\/\/mcphotography.ro\/index.php\/wp-json\/wp\/v2\/users\/1"}],"replies":[{"embeddable":true,"href":"https:\/\/mcphotography.ro\/index.php\/wp-json\/wp\/v2\/comments?post=914"}],"version-history":[{"count":0,"href":"https:\/\/mcphotography.ro\/index.php\/wp-json\/wp\/v2\/posts\/914\/revisions"}],"wp:featuredmedia":[{"embeddable":true,"href":"https:\/\/mcphotography.ro\/index.php\/wp-json\/"}],"wp:attachment":[{"href":"https:\/\/mcphotography.ro\/index.php\/wp-json\/wp\/v2\/media?parent=914"}],"wp:term":[{"taxonomy":"category","embeddable":true,"href":"https:\/\/mcphotography.ro\/index.php\/wp-json\/wp\/v2\/categories?post=914"},{"taxonomy":"post_tag","embeddable":true,"href":"https:\/\/mcphotography.ro\/index.php\/wp-json\/wp\/v2\/tags?post=914"}],"curies":[{"name":"wp","href":"https:\/\/api.w.org\/{rel}","templated":true}]}}